{"id":11758,"date":"2025-12-11T10:10:56","date_gmt":"2025-12-11T09:10:56","guid":{"rendered":"https:\/\/www.mtcos.se\/?post_type=news&#038;p=11758"},"modified":"2025-12-11T11:54:11","modified_gmt":"2025-12-11T10:54:11","slug":"fran-karlskrona-till-nato-emil-knutsson-tar-sin-radar-till-natos-innovationsprogram-diana","status":"publish","type":"news","link":"https:\/\/www.mtcos.se\/en\/news\/fran-karlskrona-till-nato-emil-knutsson-tar-sin-radar-till-natos-innovationsprogram-diana\/","title":{"rendered":"Fr\u00e5n Karlskrona till NATO: Emil Knutsson tar sin radar till Natos innovationsprogram DIANA"},"content":{"rendered":"\n<p>Med ett projekt som b\u00f6rjade som en personlig fr\u00e5ga om hur han kunde bidra i Ukraina-kriget har Emil Knutsson, civilingenj\u00f6r i dators\u00e4kerhet fr\u00e5n BTH och finalist i MTC Studentutmaning 2025, tagit fram en b\u00e4rbar radar f\u00f6r att uppt\u00e4cka dr\u00f6nare i f\u00e4lt. Med driv, teknisk spets och internationella erfarenheter har han nu antagits till Natos innovationsprogram DIANA \u2013 och siktar p\u00e5 att f\u00e5 ut tekniken till frontlinjen.<\/p>\n\n\n\n<div style=\"height:50px\" aria-hidden=\"true\" class=\"wp-block-spacer\"><\/div>\n\n\n\n<figure class=\"wp-block-image size-large\"><img fetchpriority=\"high\" decoding=\"async\" width=\"1000\" height=\"559\" src=\"https:\/\/www.mtcos.se\/wp-content\/uploads\/2025\/12\/NATO_DIANA_COHORT-1000x559.png\" alt=\"\" class=\"wp-image-11760\" srcset=\"https:\/\/www.mtcos.se\/wp-content\/uploads\/2025\/12\/NATO_DIANA_COHORT-1000x559.png 1000w, https:\/\/www.mtcos.se\/wp-content\/uploads\/2025\/12\/NATO_DIANA_COHORT-750x419.png 750w, https:\/\/www.mtcos.se\/wp-content\/uploads\/2025\/12\/NATO_DIANA_COHORT-768x429.png 768w, https:\/\/www.mtcos.se\/wp-content\/uploads\/2025\/12\/NATO_DIANA_COHORT-1536x858.png 1536w, https:\/\/www.mtcos.se\/wp-content\/uploads\/2025\/12\/NATO_DIANA_COHORT-2048x1144.png 2048w\" sizes=\"(max-width: 1000px) 100vw, 1000px\" \/><\/figure>\n\n\n\n<div style=\"height:50px\" aria-hidden=\"true\" class=\"wp-block-spacer\"><\/div>\n\n\n\n<h4 class=\"wp-block-heading\" id=\"h-om-natos-innovationsprogram-diana\"><strong>Om Natos innovationsprogram DIANA<\/strong><\/h4>\n\n\n\n<p>Natos innovationsprogram DIANA (Defence Innovation Accelerator for the North Atlantic) \u00e4r ett program som fokuserar p\u00e5 att identifiera och st\u00f6tta teknik som kan anv\u00e4ndas inom b\u00e5de civila och milit\u00e4ra till\u00e4mpningar. Programmet erbjuder finansiering, mentorskap och testmilj\u00f6er f\u00f6r startups och teknikinnovat\u00f6rer i NATO:s medlemsl\u00e4nder.<\/p>\n\n\n\n<p>Till 2026 \u00e5rs omg\u00e5ng av programmet ans\u00f6kte cirka 3600 bolag \u2013 och endast 150 antogs.<\/p>\n\n\n\n<div style=\"height:50px\" aria-hidden=\"true\" class=\"wp-block-spacer\"><\/div>\n\n\n\n<h4 class=\"wp-block-heading\" id=\"h-emil-knutsson-med-ett-tydligt-mal\"><strong>Emil Knutsson \u2013 med ett tydligt m\u00e5l<\/strong><\/h4>\n\n\n\n<p>F\u00f6r tv\u00e5 \u00e5r sedan b\u00f6rjade Emil fr\u00e5ga sig hur han kunde bidra till Ukrainas f\u00f6rsvar efter invasionen. Det blev starten p\u00e5 ett intensivt teknikdrivet sp\u00e5r som format merparten av hans beslut sedan dess.<\/p>\n\n\n\n<p>Emil tog nyligen examen fr\u00e5n civilingenj\u00f6rsprogrammet i dators\u00e4kerhet vid Blekinge Tekniska H\u00f6gskola (BTH), men parallellt med sina studier har han byggt upp ett eget f\u00f6retag, AegisX, och en tydlig vision: att ta fram en b\u00e4rbar radar f\u00f6r att uppt\u00e4cka och sp\u00e5ra dr\u00f6nare \u2013 och att f\u00e5 ut den till Ukrainas frontlinje s\u00e5 snart som m\u00f6jligt.<\/p>\n\n\n\n<div style=\"height:50px\" aria-hidden=\"true\" class=\"wp-block-spacer\"><\/div>\n\n\n\n<figure class=\"wp-block-image size-large\"><img decoding=\"async\" width=\"1000\" height=\"667\" src=\"https:\/\/www.mtcos.se\/wp-content\/uploads\/2025\/12\/DSC05679-1000x667.jpg\" alt=\"\" class=\"wp-image-11764\" srcset=\"https:\/\/www.mtcos.se\/wp-content\/uploads\/2025\/12\/DSC05679-1000x667.jpg 1000w, https:\/\/www.mtcos.se\/wp-content\/uploads\/2025\/12\/DSC05679-750x500.jpg 750w, https:\/\/www.mtcos.se\/wp-content\/uploads\/2025\/12\/DSC05679-768x512.jpg 768w, https:\/\/www.mtcos.se\/wp-content\/uploads\/2025\/12\/DSC05679-1536x1024.jpg 1536w, https:\/\/www.mtcos.se\/wp-content\/uploads\/2025\/12\/DSC05679-2048x1366.jpg 2048w\" sizes=\"(max-width: 1000px) 100vw, 1000px\" \/><\/figure>\n\n\n\n<div style=\"height:50px\" aria-hidden=\"true\" class=\"wp-block-spacer\"><\/div>\n\n\n\n<h4 class=\"wp-block-heading\" id=\"h-fran-hackathons-till-plutonradar\"><strong>Fr\u00e5n hackathons till plutonradar<\/strong><\/h4>\n\n\n\n<p>Resan tog fart p\u00e5 allvar n\u00e4r Emil kom i kontakt med v\u00e5r verksamhetsledare David Appelberg p\u00e5 MTC. Drivet och \u00f6vertygelsen i Emils vision gjorde starkt intryck, och vi p\u00e5 MTC beslutade att st\u00f6tta honom genom att finansiera deltagandet p\u00e5 tv\u00e5 stora internationella hackathons \u2013 <strong>DarkStar Hackathon i Estland<\/strong> och <strong>European Defense Tech Hackathon i Amsterdam<\/strong><\/p>\n\n\n\n<p>D\u00e4r fick Emil m\u00f6ta slutanv\u00e4ndare fr\u00e5n Ukrainas frontlinje, testare och f\u00f6rsvarsexperter. Insikterna fr\u00e5n dessa resor blev avg\u00f6rande f\u00f6r att utveckla radarn i r\u00e4tt riktning.<\/p>\n\n\n\n<blockquote class=\"wp-block-quote is-layout-flow wp-block-quote-is-layout-flow\">\n<p><em>\u201cVi s\u00e5g snabbt att Emil inte bara hade en id\u00e9, utan ett tydligt syfte och en stark f\u00f6rst\u00e5else f\u00f6r det operativa behovet. Den typen av driv och ambitionsniv\u00e5 imponerar \u2013 och det \u00e4r precis den sortens initiativ vi p\u00e5 MTC vill bidra till att f\u00f6rverkliga.\u201d<\/em><\/p>\n<\/blockquote>\n\n\n\n<blockquote class=\"wp-block-quote is-layout-flow wp-block-quote-is-layout-flow\">\n<p>\u2014 David Appelberg, verksamhetsledare f\u00f6r MTC<\/p>\n<\/blockquote>\n\n\n\n<p>Han tog ocks\u00e5 egna initiativ till att resa till <strong>Brave1 Defense Expo i Ukraina<\/strong> \u2013 en m\u00e4ssa som kr\u00e4ver f\u00f6rhandsans\u00f6kan f\u00f6r att bes\u00f6ka \u2013 f\u00f6r att ytterligare f\u00f6rst\u00e5 behovet p\u00e5 plats.<\/p>\n\n\n\n<p>Emil deltog under 2025 i <a href=\"https:\/\/www.mtcos.se\/studentutmaning-2025\/\"><strong>MTC Studentutmaning by FMV<\/strong><\/a>, d\u00e4r han tilldelades ytterligare st\u00f6d och m\u00f6jlighet att vidareutveckla sin prototyp. Finalen av <a href=\"https:\/\/www.mtcos.se\/news\/sa-gick-finalen-av-mtc-studentutmaning-by-fmv\/\">MTC Studentutmaning<\/a> h\u00f6lls i november, d\u00e4r Emil visade upp sin <em>PlutonRadar<\/em> inf\u00f6r publik och expertjury. Han hade d\u00e5 precis kommit hem fr\u00e5n en m\u00e5nad i USA, n\u00e4rmare best\u00e4mt Silicon Valley, d\u00e4r han p\u00e5 eget initiativ f\u00f6rdjupat sig i entrepren\u00f6rskap, innovationskultur och f\u00f6rsvarsinriktad teknik bland Stanfordstudenter och startupmilj\u00f6er.<\/p>\n\n\n\n<p>Som ytterligare bekr\u00e4ftelse p\u00e5 sin inriktning och potential uts\u00e5gs han samma h\u00f6st till <a href=\"https:\/\/www.aktuellsakerhet.se\/emil-knutsson-utsedd-till-framtidens-sakerhetstalang\/\"><strong>Framtidens s\u00e4kerhetstalang<\/strong><\/a> av branschtidningen <em>Aktuell S\u00e4kerhet<\/em>.<\/p>\n\n\n\n<div style=\"height:50px\" aria-hidden=\"true\" class=\"wp-block-spacer\"><\/div>\n\n\n\n<figure class=\"wp-block-gallery has-nested-images columns-default is-cropped wp-block-gallery-1 is-layout-flex wp-block-gallery-is-layout-flex\">\n<figure class=\"wp-block-image size-large\"><img decoding=\"async\" width=\"1000\" height=\"667\" data-id=\"11770\" src=\"https:\/\/www.mtcos.se\/wp-content\/uploads\/2025\/12\/DSC05642-1000x667.jpg\" alt=\"\" class=\"wp-image-11770\" srcset=\"https:\/\/www.mtcos.se\/wp-content\/uploads\/2025\/12\/DSC05642-1000x667.jpg 1000w, https:\/\/www.mtcos.se\/wp-content\/uploads\/2025\/12\/DSC05642-750x500.jpg 750w, https:\/\/www.mtcos.se\/wp-content\/uploads\/2025\/12\/DSC05642-768x512.jpg 768w, https:\/\/www.mtcos.se\/wp-content\/uploads\/2025\/12\/DSC05642-1536x1024.jpg 1536w, https:\/\/www.mtcos.se\/wp-content\/uploads\/2025\/12\/DSC05642-2048x1366.jpg 2048w\" sizes=\"(max-width: 1000px) 100vw, 1000px\" \/><\/figure>\n\n\n\n<figure class=\"wp-block-image size-large\"><img loading=\"lazy\" decoding=\"async\" width=\"1000\" height=\"1488\" data-id=\"11772\" src=\"https:\/\/www.mtcos.se\/wp-content\/uploads\/2025\/12\/plutonradar-2-1000x1488.png\" alt=\"\" class=\"wp-image-11772\" srcset=\"https:\/\/www.mtcos.se\/wp-content\/uploads\/2025\/12\/plutonradar-2-1000x1488.png 1000w, https:\/\/www.mtcos.se\/wp-content\/uploads\/2025\/12\/plutonradar-2-750x1116.png 750w, https:\/\/www.mtcos.se\/wp-content\/uploads\/2025\/12\/plutonradar-2-768x1143.png 768w, https:\/\/www.mtcos.se\/wp-content\/uploads\/2025\/12\/plutonradar-2-1032x1536.png 1032w, https:\/\/www.mtcos.se\/wp-content\/uploads\/2025\/12\/plutonradar-2.png 1070w\" sizes=\"(max-width: 1000px) 100vw, 1000px\" \/><\/figure>\n<\/figure>\n\n\n\n<div style=\"height:50px\" aria-hidden=\"true\" class=\"wp-block-spacer\"><\/div>\n\n\n\n<h4 class=\"wp-block-heading\" id=\"h-plutonradar-med-krigszon-som-testmiljo\"><strong>Plutonradar med krigszon som testmilj\u00f6<\/strong><\/h4>\n\n\n\n<p>Tekniken Emil utvecklar genom <strong>AegisX<\/strong> \u00e4r en kompakt, b\u00e4rbar dr\u00f6nardetekteringsradar som kan anv\u00e4ndas av en ensam operat\u00f6r i f\u00e4lt. M\u00e5let \u00e4r att m\u00f6ta ett av de mest akuta hoten p\u00e5 dagens slagf\u00e4lt: sv\u00e5ruppt\u00e4ckta, billigare dr\u00f6nare.<\/p>\n\n\n\n<p>&#8220;Low cost drones are the most critical security threat today since the invention of the nuclear bomb,&#8221; skriver AegisX p\u00e5 sin LinkedIn.<\/p>\n\n\n\n<p>Systemet \u00e4r <strong>programvarudefinierat<\/strong> och byggt f\u00f6r att l\u00e4ra av verkliga krigserfarenheter. Det \u00e4r designat f\u00f6r att kunna integreras direkt i NATO:s systemmilj\u00f6er och kunna anv\u00e4ndas under h\u00e5rd belastning och f\u00f6rlust (attrition).<\/p>\n\n\n\n<div style=\"height:50px\" aria-hidden=\"true\" class=\"wp-block-spacer\"><\/div>\n\n\n\n<figure class=\"wp-block-image size-large\"><img loading=\"lazy\" decoding=\"async\" width=\"1000\" height=\"667\" src=\"https:\/\/www.mtcos.se\/wp-content\/uploads\/2025\/12\/DSC05775-1000x667.jpg\" alt=\"\" class=\"wp-image-11774\" srcset=\"https:\/\/www.mtcos.se\/wp-content\/uploads\/2025\/12\/DSC05775-1000x667.jpg 1000w, https:\/\/www.mtcos.se\/wp-content\/uploads\/2025\/12\/DSC05775-750x500.jpg 750w, https:\/\/www.mtcos.se\/wp-content\/uploads\/2025\/12\/DSC05775-768x512.jpg 768w, https:\/\/www.mtcos.se\/wp-content\/uploads\/2025\/12\/DSC05775-1536x1024.jpg 1536w, https:\/\/www.mtcos.se\/wp-content\/uploads\/2025\/12\/DSC05775-2048x1366.jpg 2048w\" sizes=\"(max-width: 1000px) 100vw, 1000px\" \/><\/figure>\n\n\n\n<div style=\"height:50px\" aria-hidden=\"true\" class=\"wp-block-spacer\"><\/div>\n\n\n\n<h4 class=\"wp-block-heading\" id=\"h-antagen-till-natos-innovationsprogram-diana\"><strong>Antagen till Natos innovationsprogram DIANA<\/strong><\/h4>\n\n\n\n<p>I december kom beskedet att Emil och AegisX blivit antagna till <strong>Natos innovationsprogram DIANA<\/strong>, som en av 150 utvalda bland cirka 3600 s\u00f6kande. Det inneb\u00e4r att han f\u00e5r:<\/p>\n\n\n\n<ul class=\"wp-block-list\">\n<li>100 000 euro i finansiering<\/li>\n\n\n\n<li>Tillg\u00e5ng till testmilj\u00f6er och expertn\u00e4tverk<\/li>\n\n\n\n<li>Mentorskap fr\u00e5n experter inom f\u00f6rsvar och innovation<br><\/li>\n<\/ul>\n\n\n\n<p>F\u00f6r Emil \u00e4r det ett avg\u00f6rande steg mot m\u00e5let: att <strong>snabbt och effektivt f\u00e5 ut tekniken till frontlinjen i Ukraina<\/strong>, och d\u00e4refter skala upp den f\u00f6r bredare anv\u00e4ndning inom NATO.<\/p>\n\n\n\n<h4 class=\"wp-block-heading\" id=\"h-\"><\/h4>\n\n\n\n<div style=\"height:50px\" aria-hidden=\"true\" class=\"wp-block-spacer\"><\/div>\n\n\n\n<figure class=\"wp-block-image size-large\"><img loading=\"lazy\" decoding=\"async\" width=\"1000\" height=\"667\" src=\"https:\/\/www.mtcos.se\/wp-content\/uploads\/2025\/12\/DSC01241-1000x667.jpg\" alt=\"\" class=\"wp-image-11762\" srcset=\"https:\/\/www.mtcos.se\/wp-content\/uploads\/2025\/12\/DSC01241-1000x667.jpg 1000w, https:\/\/www.mtcos.se\/wp-content\/uploads\/2025\/12\/DSC01241-750x500.jpg 750w, https:\/\/www.mtcos.se\/wp-content\/uploads\/2025\/12\/DSC01241-768x512.jpg 768w, https:\/\/www.mtcos.se\/wp-content\/uploads\/2025\/12\/DSC01241-1536x1024.jpg 1536w, https:\/\/www.mtcos.se\/wp-content\/uploads\/2025\/12\/DSC01241-2048x1366.jpg 2048w\" sizes=\"(max-width: 1000px) 100vw, 1000px\" \/><\/figure>\n\n\n\n<div style=\"height:50px\" aria-hidden=\"true\" class=\"wp-block-spacer\"><\/div>\n\n\n\n<h4 class=\"wp-block-heading\" id=\"h-framtidens-teknik-skapas-har\"><strong>Framtidens teknik skapas h\u00e4r<\/strong><\/h4>\n\n\n\n<p>Framtidens teknik skapas h\u00e4r<\/p>\n\n\n\n<p>Med st\u00f6d fr\u00e5n MTC, utbildning fr\u00e5n BTH och sin egen innovationsdrift har Emil Knutsson tagit det f\u00f6rsta steget ut p\u00e5 en internationell bana som kan forma framtidens s\u00e4kerhetsteknik. Vi p\u00e5 MTC \u00e4r stolta \u00f6ver att ha varit med p\u00e5 resan \u2013 och ser fram emot att f\u00f6lja vad som kommer h\u00e4rn\u00e4st.<\/p>\n\n\n\n<blockquote class=\"wp-block-quote is-layout-flow wp-block-quote-is-layout-flow\">\n<p>\u201dDet \u00e4r mycket gl\u00e4djande att en av v\u00e5ra entrepren\u00f6rer nu har valts ut till NATO DIANA Challenge Programme. Detta visar b\u00e5de styrkan i svensk f\u00f6rsvarsinnovation och hur viktig v\u00e5r marintekniska milj\u00f6 \u00e4r f\u00f6r att utveckla l\u00f6sningar som st\u00e4rker svensk och allierad f\u00f6rm\u00e5ga. vi p\u00e5 MTC \u00e4r byggda f\u00f6r att st\u00f6dja just denna typ av entrepren\u00f6rskap, d\u00e4r avancerad teknik, operativ f\u00f6rst\u00e5else och snabb innovation m\u00f6ts.\u201d \u2013 David Appelberg, verksamhetsledare f\u00f6r MTC<\/p>\n<\/blockquote>\n\n\n\n<p>Vi vill att det h\u00e4r ska bli normen. Det \u00e4r just denna typ av individer, initiativ och innovationer som vi beh\u00f6ver fler av i Sverige. Vi har starka f\u00f6ruts\u00e4ttningar f\u00f6r det \u2013 och det sker inte av sig sj\u00e4lv. Det kr\u00e4ver samverkan, resurser, tillg\u00e5ng till milj\u00f6er och mod att satsa p\u00e5 det som fortfarande \u00e4r i sin linda.<\/p>\n\n\n\n<blockquote class=\"wp-block-quote is-layout-flow wp-block-quote-is-layout-flow\">\n<p>&#8220;F\u00f6rm\u00e5gespr\u00e5ng i den kollektiva svenska f\u00f6rsvarsf\u00f6rm\u00e5ga kr\u00e4ver att vi systematiskt tar vara p\u00e5 initiativ som f\u00f6ds p\u00e5 plutonniv\u00e5. Innovat\u00f6ren m\u00e5ste ha direkt kontakt med plutonchefer s\u00e5 att utvecklingen styrs av verkliga operativa behov. FMV, BTH, MTC och F\u00f6rsvarsmakten ska s\u00e4tta tydliga ramar och operativa scenarier d\u00e4r s\u00e5dana l\u00f6sningar kan testas, finansieras och skalas fr\u00e5n pluton till verifierad operativ och strategisk effekt f\u00f6r NATO. D\u00e4rf\u00f6r beh\u00f6ver vi ett f\u00f6rm\u00e5gespr\u00e5ng i v\u00e5rt innovationssystem, inte bara i v\u00e5ra innovativa svenska bolag.&#8221; \u2013 Emil Knutsson, AegisX<\/p>\n<\/blockquote>\n\n\n\n<blockquote class=\"wp-block-quote is-layout-flow wp-block-quote-is-layout-flow\">\n<p>\u201dAtt svenska entrepren\u00f6rer tar plats i DIANA-programmet \u00e4r strategiskt betydelsefullt, och det understryker varf\u00f6r Sverige b\u00f6r vara en fullv\u00e4rdig deltagare i NATO DIANA fram\u00e5t. MTC st\u00e5r redo att bidra med v\u00e5r unika kompetens och ekosystem f\u00f6r teknikutveckling kopplad till f\u00f6rsvar och s\u00e4kerhet.\u201d \u2013 forts\u00e4tter David Appelberg.<\/p>\n<\/blockquote>\n","protected":false},"featured_media":11302,"menu_order":0,"template":"","categories":[81],"class_list":["post-11758","news","type-news","status-publish","has-post-thumbnail","hentry","category-kategori_forsvar"],"acf":[],"yoast_head":"<!-- This site is optimized with the Yoast SEO Premium plugin v22.0 (Yoast SEO v27.4) - https:\/\/yoast.com\/product\/yoast-seo-premium-wordpress\/ -->\n<title>Fr\u00e5n Karlskrona till NATO: Emil Knutsson tar sin radar till Natos innovationsprogram DIANA - Marine Technology Center<\/title>\n<meta name=\"robots\" content=\"noindex, follow\" \/>\n<meta property=\"og:locale\" content=\"en_US\" \/>\n<meta property=\"og:type\" content=\"article\" \/>\n<meta property=\"og:title\" content=\"Fr\u00e5n Karlskrona till NATO: Emil Knutsson tar sin radar till Natos innovationsprogram DIANA\" \/>\n<meta property=\"og:description\" content=\"Med ett projekt som b\u00f6rjade som en personlig fr\u00e5ga om hur han kunde bidra i Ukraina-kriget har Emil Knutsson, civilingenj\u00f6r i dators\u00e4kerhet fr\u00e5n BTH och finalist i MTC Studentutmaning 2025, tagit fram en b\u00e4rbar radar f\u00f6r att uppt\u00e4cka dr\u00f6nare i f\u00e4lt. Med driv, teknisk spets och internationella erfarenheter har han nu antagits till Natos innovationsprogram [&hellip;]\" \/>\n<meta property=\"og:url\" content=\"https:\/\/www.mtcos.se\/en\/news\/fran-karlskrona-till-nato-emil-knutsson-tar-sin-radar-till-natos-innovationsprogram-diana\/\" \/>\n<meta property=\"og:site_name\" content=\"Marine Technology Center\" \/>\n<meta property=\"article:modified_time\" content=\"2025-12-11T10:54:11+00:00\" \/>\n<meta property=\"og:image\" content=\"https:\/\/www.mtcos.se\/wp-content\/uploads\/2025\/11\/DSC05464-1000x667.jpg\" \/>\n\t<meta property=\"og:image:width\" content=\"1000\" \/>\n\t<meta property=\"og:image:height\" content=\"667\" \/>\n\t<meta property=\"og:image:type\" content=\"image\/jpeg\" \/>\n<meta name=\"twitter:card\" content=\"summary_large_image\" \/>\n<meta name=\"twitter:label1\" content=\"Est. reading time\" \/>\n\t<meta name=\"twitter:data1\" content=\"5 minutes\" \/>\n<script type=\"application\/ld+json\" class=\"yoast-schema-graph\">{\"@context\":\"https:\\\/\\\/schema.org\",\"@graph\":[{\"@type\":\"WebPage\",\"@id\":\"https:\\\/\\\/www.mtcos.se\\\/en\\\/news\\\/fran-karlskrona-till-nato-emil-knutsson-tar-sin-radar-till-natos-innovationsprogram-diana\\\/\",\"url\":\"https:\\\/\\\/www.mtcos.se\\\/en\\\/news\\\/fran-karlskrona-till-nato-emil-knutsson-tar-sin-radar-till-natos-innovationsprogram-diana\\\/\",\"name\":\"Fr\u00e5n Karlskrona till NATO: Emil Knutsson tar sin radar till Natos innovationsprogram DIANA - Marine Technology Center\",\"isPartOf\":{\"@id\":\"https:\\\/\\\/www.mtcos.se\\\/en\\\/#website\"},\"primaryImageOfPage\":{\"@id\":\"https:\\\/\\\/www.mtcos.se\\\/en\\\/news\\\/fran-karlskrona-till-nato-emil-knutsson-tar-sin-radar-till-natos-innovationsprogram-diana\\\/#primaryimage\"},\"image\":{\"@id\":\"https:\\\/\\\/www.mtcos.se\\\/en\\\/news\\\/fran-karlskrona-till-nato-emil-knutsson-tar-sin-radar-till-natos-innovationsprogram-diana\\\/#primaryimage\"},\"thumbnailUrl\":\"https:\\\/\\\/www.mtcos.se\\\/wp-content\\\/uploads\\\/2025\\\/11\\\/DSC05464.jpg\",\"datePublished\":\"2025-12-11T09:10:56+00:00\",\"dateModified\":\"2025-12-11T10:54:11+00:00\",\"breadcrumb\":{\"@id\":\"https:\\\/\\\/www.mtcos.se\\\/en\\\/news\\\/fran-karlskrona-till-nato-emil-knutsson-tar-sin-radar-till-natos-innovationsprogram-diana\\\/#breadcrumb\"},\"inLanguage\":\"en-US\",\"potentialAction\":[{\"@type\":\"ReadAction\",\"target\":[\"https:\\\/\\\/www.mtcos.se\\\/en\\\/news\\\/fran-karlskrona-till-nato-emil-knutsson-tar-sin-radar-till-natos-innovationsprogram-diana\\\/\"]}]},{\"@type\":\"ImageObject\",\"inLanguage\":\"en-US\",\"@id\":\"https:\\\/\\\/www.mtcos.se\\\/en\\\/news\\\/fran-karlskrona-till-nato-emil-knutsson-tar-sin-radar-till-natos-innovationsprogram-diana\\\/#primaryimage\",\"url\":\"https:\\\/\\\/www.mtcos.se\\\/wp-content\\\/uploads\\\/2025\\\/11\\\/DSC05464.jpg\",\"contentUrl\":\"https:\\\/\\\/www.mtcos.se\\\/wp-content\\\/uploads\\\/2025\\\/11\\\/DSC05464.jpg\",\"width\":2500,\"height\":1667},{\"@type\":\"BreadcrumbList\",\"@id\":\"https:\\\/\\\/www.mtcos.se\\\/en\\\/news\\\/fran-karlskrona-till-nato-emil-knutsson-tar-sin-radar-till-natos-innovationsprogram-diana\\\/#breadcrumb\",\"itemListElement\":[{\"@type\":\"ListItem\",\"position\":1,\"name\":\"Hem\",\"item\":\"https:\\\/\\\/www.mtcos.se\\\/en\\\/home\\\/\"},{\"@type\":\"ListItem\",\"position\":2,\"name\":\"Fr\u00e5n Karlskrona till NATO: Emil Knutsson tar sin radar till Natos innovationsprogram DIANA\"}]},{\"@type\":\"WebSite\",\"@id\":\"https:\\\/\\\/www.mtcos.se\\\/en\\\/#website\",\"url\":\"https:\\\/\\\/www.mtcos.se\\\/en\\\/\",\"name\":\"Marine Technology Center\",\"description\":\"MTC\",\"publisher\":{\"@id\":\"https:\\\/\\\/www.mtcos.se\\\/en\\\/#organization\"},\"potentialAction\":[{\"@type\":\"SearchAction\",\"target\":{\"@type\":\"EntryPoint\",\"urlTemplate\":\"https:\\\/\\\/www.mtcos.se\\\/en\\\/?s={search_term_string}\"},\"query-input\":{\"@type\":\"PropertyValueSpecification\",\"valueRequired\":true,\"valueName\":\"search_term_string\"}}],\"inLanguage\":\"en-US\"},{\"@type\":\"Organization\",\"@id\":\"https:\\\/\\\/www.mtcos.se\\\/en\\\/#organization\",\"name\":\"Marine Technology Center\",\"url\":\"https:\\\/\\\/www.mtcos.se\\\/en\\\/\",\"logo\":{\"@type\":\"ImageObject\",\"inLanguage\":\"en-US\",\"@id\":\"https:\\\/\\\/www.mtcos.se\\\/en\\\/#\\\/schema\\\/logo\\\/image\\\/\",\"url\":\"https:\\\/\\\/www.mtcos.se\\\/wp-content\\\/uploads\\\/2020\\\/02\\\/MTC_logo_SWE_neg.svg\",\"contentUrl\":\"https:\\\/\\\/www.mtcos.se\\\/wp-content\\\/uploads\\\/2020\\\/02\\\/MTC_logo_SWE_neg.svg\",\"width\":332,\"height\":477,\"caption\":\"Marine Technology Center\"},\"image\":{\"@id\":\"https:\\\/\\\/www.mtcos.se\\\/en\\\/#\\\/schema\\\/logo\\\/image\\\/\"}}]}<\/script>\n<!-- \/ Yoast SEO Premium plugin. -->","yoast_head_json":{"title":"Fr\u00e5n Karlskrona till NATO: Emil Knutsson tar sin radar till Natos innovationsprogram DIANA - Marine Technology Center","robots":{"index":"noindex","follow":"follow"},"og_locale":"en_US","og_type":"article","og_title":"Fr\u00e5n Karlskrona till NATO: Emil Knutsson tar sin radar till Natos innovationsprogram DIANA","og_description":"Med ett projekt som b\u00f6rjade som en personlig fr\u00e5ga om hur han kunde bidra i Ukraina-kriget har Emil Knutsson, civilingenj\u00f6r i dators\u00e4kerhet fr\u00e5n BTH och finalist i MTC Studentutmaning 2025, tagit fram en b\u00e4rbar radar f\u00f6r att uppt\u00e4cka dr\u00f6nare i f\u00e4lt. Med driv, teknisk spets och internationella erfarenheter har han nu antagits till Natos innovationsprogram [&hellip;]","og_url":"https:\/\/www.mtcos.se\/en\/news\/fran-karlskrona-till-nato-emil-knutsson-tar-sin-radar-till-natos-innovationsprogram-diana\/","og_site_name":"Marine Technology Center","article_modified_time":"2025-12-11T10:54:11+00:00","og_image":[{"width":1000,"height":667,"url":"https:\/\/www.mtcos.se\/wp-content\/uploads\/2025\/11\/DSC05464-1000x667.jpg","type":"image\/jpeg"}],"twitter_card":"summary_large_image","twitter_misc":{"Est. reading time":"5 minutes"},"schema":{"@context":"https:\/\/schema.org","@graph":[{"@type":"WebPage","@id":"https:\/\/www.mtcos.se\/en\/news\/fran-karlskrona-till-nato-emil-knutsson-tar-sin-radar-till-natos-innovationsprogram-diana\/","url":"https:\/\/www.mtcos.se\/en\/news\/fran-karlskrona-till-nato-emil-knutsson-tar-sin-radar-till-natos-innovationsprogram-diana\/","name":"Fr\u00e5n Karlskrona till NATO: Emil Knutsson tar sin radar till Natos innovationsprogram DIANA - Marine Technology Center","isPartOf":{"@id":"https:\/\/www.mtcos.se\/en\/#website"},"primaryImageOfPage":{"@id":"https:\/\/www.mtcos.se\/en\/news\/fran-karlskrona-till-nato-emil-knutsson-tar-sin-radar-till-natos-innovationsprogram-diana\/#primaryimage"},"image":{"@id":"https:\/\/www.mtcos.se\/en\/news\/fran-karlskrona-till-nato-emil-knutsson-tar-sin-radar-till-natos-innovationsprogram-diana\/#primaryimage"},"thumbnailUrl":"https:\/\/www.mtcos.se\/wp-content\/uploads\/2025\/11\/DSC05464.jpg","datePublished":"2025-12-11T09:10:56+00:00","dateModified":"2025-12-11T10:54:11+00:00","breadcrumb":{"@id":"https:\/\/www.mtcos.se\/en\/news\/fran-karlskrona-till-nato-emil-knutsson-tar-sin-radar-till-natos-innovationsprogram-diana\/#breadcrumb"},"inLanguage":"en-US","potentialAction":[{"@type":"ReadAction","target":["https:\/\/www.mtcos.se\/en\/news\/fran-karlskrona-till-nato-emil-knutsson-tar-sin-radar-till-natos-innovationsprogram-diana\/"]}]},{"@type":"ImageObject","inLanguage":"en-US","@id":"https:\/\/www.mtcos.se\/en\/news\/fran-karlskrona-till-nato-emil-knutsson-tar-sin-radar-till-natos-innovationsprogram-diana\/#primaryimage","url":"https:\/\/www.mtcos.se\/wp-content\/uploads\/2025\/11\/DSC05464.jpg","contentUrl":"https:\/\/www.mtcos.se\/wp-content\/uploads\/2025\/11\/DSC05464.jpg","width":2500,"height":1667},{"@type":"BreadcrumbList","@id":"https:\/\/www.mtcos.se\/en\/news\/fran-karlskrona-till-nato-emil-knutsson-tar-sin-radar-till-natos-innovationsprogram-diana\/#breadcrumb","itemListElement":[{"@type":"ListItem","position":1,"name":"Hem","item":"https:\/\/www.mtcos.se\/en\/home\/"},{"@type":"ListItem","position":2,"name":"Fr\u00e5n Karlskrona till NATO: Emil Knutsson tar sin radar till Natos innovationsprogram DIANA"}]},{"@type":"WebSite","@id":"https:\/\/www.mtcos.se\/en\/#website","url":"https:\/\/www.mtcos.se\/en\/","name":"Marine Technology Center","description":"MTC","publisher":{"@id":"https:\/\/www.mtcos.se\/en\/#organization"},"potentialAction":[{"@type":"SearchAction","target":{"@type":"EntryPoint","urlTemplate":"https:\/\/www.mtcos.se\/en\/?s={search_term_string}"},"query-input":{"@type":"PropertyValueSpecification","valueRequired":true,"valueName":"search_term_string"}}],"inLanguage":"en-US"},{"@type":"Organization","@id":"https:\/\/www.mtcos.se\/en\/#organization","name":"Marine Technology Center","url":"https:\/\/www.mtcos.se\/en\/","logo":{"@type":"ImageObject","inLanguage":"en-US","@id":"https:\/\/www.mtcos.se\/en\/#\/schema\/logo\/image\/","url":"https:\/\/www.mtcos.se\/wp-content\/uploads\/2020\/02\/MTC_logo_SWE_neg.svg","contentUrl":"https:\/\/www.mtcos.se\/wp-content\/uploads\/2020\/02\/MTC_logo_SWE_neg.svg","width":332,"height":477,"caption":"Marine Technology Center"},"image":{"@id":"https:\/\/www.mtcos.se\/en\/#\/schema\/logo\/image\/"}}]}},"_links":{"self":[{"href":"https:\/\/www.mtcos.se\/en\/wp-json\/wp\/v2\/news\/11758","targetHints":{"allow":["GET"]}}],"collection":[{"href":"https:\/\/www.mtcos.se\/en\/wp-json\/wp\/v2\/news"}],"about":[{"href":"https:\/\/www.mtcos.se\/en\/wp-json\/wp\/v2\/types\/news"}],"wp:featuredmedia":[{"embeddable":true,"href":"https:\/\/www.mtcos.se\/en\/wp-json\/wp\/v2\/media\/11302"}],"wp:attachment":[{"href":"https:\/\/www.mtcos.se\/en\/wp-json\/wp\/v2\/media?parent=11758"}],"wp:term":[{"taxonomy":"category","embeddable":true,"href":"https:\/\/www.mtcos.se\/en\/wp-json\/wp\/v2\/categories?post=11758"}],"curies":[{"name":"wp","href":"https:\/\/api.w.org\/{rel}","templated":true}]}}